{"id":420,"date":"2025-05-01T18:21:39","date_gmt":"2025-05-01T16:21:39","guid":{"rendered":"http:\/\/cremeblech.de\/?p=420"},"modified":"2025-05-01T18:21:39","modified_gmt":"2025-05-01T16:21:39","slug":"eroeffnung-der-biergarten-saison","status":"publish","type":"post","link":"https:\/\/cremeblech.de\/?p=420","title":{"rendered":"Er\u00f6ffnung der Biergarten-Saison"},"content":{"rendered":"\n<p>Am 1.Mai waren wir im Gr\u00fcner Brauhaus in der F\u00fcrther Com\u00f6die zu Gast. Im beschaulichen Biergarten spielten wir zum ersten Mal in neuer Besetzung mit Johannes am Tenorhorn.<\/p>\n\n\n\n<figure class=\"wp-block-image size-large is-resized\"><img loading=\"lazy\" decoding=\"async\" width=\"1024\" height=\"768\" src=\"http:\/\/cremeblech.de\/wp-content\/uploads\/2025\/05\/IMG-20250501-WA0022-1024x768.jpg\" alt=\"\" class=\"wp-image-421\" style=\"width:673px;height:auto\" srcset=\"https:\/\/cremeblech.de\/wp-content\/uploads\/2025\/05\/IMG-20250501-WA0022-1024x768.jpg 1024w, https:\/\/cremeblech.de\/wp-content\/uploads\/2025\/05\/IMG-20250501-WA0022-300x225.jpg 300w, https:\/\/cremeblech.de\/wp-content\/uploads\/2025\/05\/IMG-20250501-WA0022-768x576.jpg 768w, https:\/\/cremeblech.de\/wp-content\/uploads\/2025\/05\/IMG-20250501-WA0022-1536x1152.jpg 1536w, https:\/\/cremeblech.de\/wp-content\/uploads\/2025\/05\/IMG-20250501-WA0022.jpg 2040w\" sizes=\"auto, (max-width: 767px) 89vw, (max-width: 1000px) 54vw, (max-width: 1071px) 543px, 580px\" \/><\/figure>\n","protected":false},"excerpt":{"rendered":"<p>Am 1.Mai waren wir im Gr\u00fcner Brauhaus in der F\u00fcrther Com\u00f6die zu Gast. Im beschaulichen Biergarten spielten wir zum ersten Mal in neuer Besetzung mit Johannes am Tenorhorn.<\/p>\n","protected":false},"author":5,"featured_media":0,"comment_status":"open","ping_status":"open","sticky":false,"template":"","format":"standard","meta":{"footnotes":""},"categories":[1],"tags":[],"class_list":["post-420","post","type-post","status-publish","format-standard","hentry","category-allgemein"],"_links":{"self":[{"href":"https:\/\/cremeblech.de\/index.php?rest_route=\/wp\/v2\/posts\/420","targetHints":{"allow":["GET"]}}],"collection":[{"href":"https:\/\/cremeblech.de\/index.php?rest_route=\/wp\/v2\/posts"}],"about":[{"href":"https:\/\/cremeblech.de\/index.php?rest_route=\/wp\/v2\/types\/post"}],"author":[{"embeddable":true,"href":"https:\/\/cremeblech.de\/index.php?rest_route=\/wp\/v2\/users\/5"}],"replies":[{"embeddable":true,"href":"https:\/\/cremeblech.de\/index.php?rest_route=%2Fwp%2Fv2%2Fcomments&post=420"}],"version-history":[{"count":1,"href":"https:\/\/cremeblech.de\/index.php?rest_route=\/wp\/v2\/posts\/420\/revisions"}],"predecessor-version":[{"id":422,"href":"https:\/\/cremeblech.de\/index.php?rest_route=\/wp\/v2\/posts\/420\/revisions\/422"}],"wp:attachment":[{"href":"https:\/\/cremeblech.de\/index.php?rest_route=%2Fwp%2Fv2%2Fmedia&parent=420"}],"wp:term":[{"taxonomy":"category","embeddable":true,"href":"https:\/\/cremeblech.de\/index.php?rest_route=%2Fwp%2Fv2%2Fcategories&post=420"},{"taxonomy":"post_tag","embeddable":true,"href":"https:\/\/cremeblech.de\/index.php?rest_route=%2Fwp%2Fv2%2Ftags&post=420"}],"curies":[{"name":"wp","href":"https:\/\/api.w.org\/{rel}","templated":true}]}}