{"id":455,"date":"2026-03-04T13:50:02","date_gmt":"2026-03-04T12:50:02","guid":{"rendered":"https:\/\/cremeblech.de\/?p=455"},"modified":"2026-04-28T17:33:35","modified_gmt":"2026-04-28T15:33:35","slug":"termine-fruehjahr-sommer-2026","status":"publish","type":"post","link":"https:\/\/cremeblech.de\/?p=455","title":{"rendered":"Termine Fr\u00fchjahr\/Sommer 2026"},"content":{"rendered":"\n<p>Der Fr\u00fchling ist da &#8211; hurra! Wir freuen uns mit euch bald wieder die Biergarten-, Freiluft- und Stammtisch-Saison er\u00f6ffnen zu k\u00f6nnen. Hier sind wir zu h\u00f6ren:<\/p>\n\n\n\n<p>1.Mai | Zirndorf | Br\u00e4uschank | ab 11 Uhr<\/p>\n\n\n\n<p>14.Mai (Vatertag) | Zirndorf | Br\u00e4uschank | ab 11 Uhr<\/p>\n\n\n\n<p>28.Juni | Bad Windsheim |Tag der Volksmusik | ab 10 Uhr<\/p>\n\n\n\n<p>1.Juli | Schellenberg | Musikantenstammtisch<\/p>\n","protected":false},"excerpt":{"rendered":"<p>Der Fr\u00fchling ist da &#8211; hurra! Wir freuen uns mit euch bald wieder die Biergarten-, Freiluft- und Stammtisch-Saison er\u00f6ffnen zu k\u00f6nnen. Hier sind wir zu h\u00f6ren: 1.Mai | Zirndorf | Br\u00e4uschank | ab 11 Uhr 14.Mai (Vatertag) | Zirndorf | Br\u00e4uschank | ab 11 Uhr 28.Juni | Bad Windsheim |Tag der Volksmusik | ab 10 &hellip; <\/p>\n<p class=\"link-more\"><a href=\"https:\/\/cremeblech.de\/?p=455\" class=\"more-link\"><span class=\"screen-reader-text\">\u201eTermine Fr\u00fchjahr\/Sommer 2026\u201c <\/span>weiterlesen<\/a><\/p>\n","protected":false},"author":5,"featured_media":0,"comment_status":"open","ping_status":"open","sticky":false,"template":"","format":"standard","meta":{"footnotes":""},"categories":[1],"tags":[],"class_list":["post-455","post","type-post","status-publish","format-standard","hentry","category-allgemein"],"_links":{"self":[{"href":"https:\/\/cremeblech.de\/index.php?rest_route=\/wp\/v2\/posts\/455","targetHints":{"allow":["GET"]}}],"collection":[{"href":"https:\/\/cremeblech.de\/index.php?rest_route=\/wp\/v2\/posts"}],"about":[{"href":"https:\/\/cremeblech.de\/index.php?rest_route=\/wp\/v2\/types\/post"}],"author":[{"embeddable":true,"href":"https:\/\/cremeblech.de\/index.php?rest_route=\/wp\/v2\/users\/5"}],"replies":[{"embeddable":true,"href":"https:\/\/cremeblech.de\/index.php?rest_route=%2Fwp%2Fv2%2Fcomments&post=455"}],"version-history":[{"count":3,"href":"https:\/\/cremeblech.de\/index.php?rest_route=\/wp\/v2\/posts\/455\/revisions"}],"predecessor-version":[{"id":462,"href":"https:\/\/cremeblech.de\/index.php?rest_route=\/wp\/v2\/posts\/455\/revisions\/462"}],"wp:attachment":[{"href":"https:\/\/cremeblech.de\/index.php?rest_route=%2Fwp%2Fv2%2Fmedia&parent=455"}],"wp:term":[{"taxonomy":"category","embeddable":true,"href":"https:\/\/cremeblech.de\/index.php?rest_route=%2Fwp%2Fv2%2Fcategories&post=455"},{"taxonomy":"post_tag","embeddable":true,"href":"https:\/\/cremeblech.de\/index.php?rest_route=%2Fwp%2Fv2%2Ftags&post=455"}],"curies":[{"name":"wp","href":"https:\/\/api.w.org\/{rel}","templated":true}]}}